{"id":2858,"date":"2022-09-27T12:08:19","date_gmt":"2022-09-27T10:08:19","guid":{"rendered":"https:\/\/www.vallesabbia.info\/en\/?p=2858"},"modified":"2022-09-28T16:45:13","modified_gmt":"2022-09-28T14:45:13","slug":"fortezze-aperte","status":"publish","type":"post","link":"https:\/\/www.vallesabbia.info\/en\/blog\/fortezze-aperte\/","title":{"rendered":"Fortezze aperte!"},"content":{"rendered":"\t\t<div data-elementor-type=\"wp-post\" data-elementor-id=\"2858\" class=\"elementor elementor-2858\" data-elementor-post-type=\"post\">\n\t\t\t\t\t\t<section class=\"elementor-section elementor-top-section elementor-element elementor-element-9664048 elementor-section-boxed elementor-section-height-default elementor-section-height-default\" data-id=\"9664048\" data-element_type=\"section\">\n\t\t\t\t\t\t<div class=\"elementor-container elementor-column-gap-default\">\n\t\t\t\t\t<div class=\"elementor-column elementor-col-100 elementor-top-column elementor-element elementor-element-7f229c77\" data-id=\"7f229c77\" data-element_type=\"column\">\n\t\t\t<div class=\"elementor-widget-wrap elementor-element-populated\">\n\t\t\t\t\t\t<div class=\"elementor-element elementor-element-5018fc1c elementor-widget elementor-widget-text-editor\" data-id=\"5018fc1c\" data-element_type=\"widget\" data-widget_type=\"text-editor.default\">\n\t\t\t\t<div class=\"elementor-widget-container\">\n\t\t\t<style>\/*! elementor - v3.19.0 - 28-02-2024 *\/\n.elementor-widget-text-editor.elementor-drop-cap-view-stacked .elementor-drop-cap{background-color:#69727d;color:#fff}.elementor-widget-text-editor.elementor-drop-cap-view-framed .elementor-drop-cap{color:#69727d;border:3px solid;background-color:transparent}.elementor-widget-text-editor:not(.elementor-drop-cap-view-default) .elementor-drop-cap{margin-top:8px}.elementor-widget-text-editor:not(.elementor-drop-cap-view-default) .elementor-drop-cap-letter{width:1em;height:1em}.elementor-widget-text-editor .elementor-drop-cap{float:left;text-align:center;line-height:1;font-size:50px}.elementor-widget-text-editor .elementor-drop-cap-letter{display:inline-block}<\/style>\t\t\t\t<p><strong>Domenica 2 ottobre 2022<\/strong><\/p>\n<p>La prima edizione di<strong> Fortezze Aperte 2022<\/strong> coinvolge anche la Rocca d&#8217;Anfo!<\/p>\n<p>Anche la Rocca \u00e8 parte della rete dei siti fortificati, costituita da soggetti che hanno la titolarit\u00e0 di un sito fortificato, il cui scopo \u00e8 di promuovere iniziative comuni per la valorizzazione del patrimonio fortificato sia di carattere culturale che ambientale.<\/p>\n<p>Per info e prenotazioni consultare il sito <a href=\"https:\/\/www.roccadanfo.eu\/\">https:\/\/www.roccadanfo.eu\/<\/a> o contattare l&#8217;Ufficio Turistico&nbsp;<\/p><p>al numero <strong>375 6221121.<\/strong><\/p><p><strong><br><\/strong><\/p>\t\t\t\t\t\t<\/div>\n\t\t\t\t<\/div>\n\t\t\t\t\t<\/div>\n\t\t<\/div>\n\t\t\t\t\t<\/div>\n\t\t<\/section>\n\t\t\t\t<section class=\"elementor-section elementor-top-section elementor-element elementor-element-b69c292 elementor-section-boxed elementor-section-height-default elementor-section-height-default\" data-id=\"b69c292\" data-element_type=\"section\">\n\t\t\t\t\t\t<div class=\"elementor-container elementor-column-gap-default\">\n\t\t\t\t\t<div class=\"elementor-column elementor-col-100 elementor-top-column elementor-element elementor-element-c2e4081\" data-id=\"c2e4081\" data-element_type=\"column\">\n\t\t\t<div class=\"elementor-widget-wrap elementor-element-populated\">\n\t\t\t\t\t\t<div class=\"elementor-element elementor-element-cceb279 elementor-widget elementor-widget-image\" data-id=\"cceb279\" data-element_type=\"widget\" data-widget_type=\"image.default\">\n\t\t\t\t<div class=\"elementor-widget-container\">\n\t\t\t<style>\/*! elementor - v3.19.0 - 28-02-2024 *\/\n.elementor-widget-image{text-align:center}.elementor-widget-image a{display:inline-block}.elementor-widget-image a img[src$=\".svg\"]{width:48px}.elementor-widget-image img{vertical-align:middle;display:inline-block}<\/style>\t\t\t\t\t\t\t\t\t\t<img fetchpriority=\"high\" decoding=\"async\" width=\"750\" height=\"780\" src=\"https:\/\/www.vallesabbia.info\/en\/wp-content\/uploads\/sites\/3\/2022\/09\/ReteForti_2022.10.02_LocandinaGiornata1-768x799.jpg\" class=\"attachment-medium_large size-medium_large wp-image-2860\" alt=\"\" srcset=\"https:\/\/www.vallesabbia.info\/en\/wp-content\/uploads\/sites\/3\/2022\/09\/ReteForti_2022.10.02_LocandinaGiornata1-768x799.jpg 768w, https:\/\/www.vallesabbia.info\/en\/wp-content\/uploads\/sites\/3\/2022\/09\/ReteForti_2022.10.02_LocandinaGiornata1-288x300.jpg 288w, https:\/\/www.vallesabbia.info\/en\/wp-content\/uploads\/sites\/3\/2022\/09\/ReteForti_2022.10.02_LocandinaGiornata1-984x1024.jpg 984w, https:\/\/www.vallesabbia.info\/en\/wp-content\/uploads\/sites\/3\/2022\/09\/ReteForti_2022.10.02_LocandinaGiornata1-600x624.jpg 600w, https:\/\/www.vallesabbia.info\/en\/wp-content\/uploads\/sites\/3\/2022\/09\/ReteForti_2022.10.02_LocandinaGiornata1.jpg 1417w\" sizes=\"(max-width: 750px) 100vw, 750px\" style=\"width:100%;height:104.02%;max-width:1417px\" \/>\t\t\t\t\t\t\t\t\t\t\t\t\t<\/div>\n\t\t\t\t<\/div>\n\t\t\t\t\t<\/div>\n\t\t<\/div>\n\t\t\t\t\t<\/div>\n\t\t<\/section>\n\t\t\t\t<\/div>\n\t\t","protected":false},"excerpt":{"rendered":"<p>Domenica 2 ottobre 2022 La prima edizione di Fortezze Aperte 2022 coinvolge anche la Rocca d&#8217;Anfo! Anche la Rocca \u00e8 parte della rete dei siti fortificati, costituita da soggetti che hanno la titolarit\u00e0 di un sito fortificato, il cui scopo \u00e8 di promuovere iniziative comuni per la valorizzazione del patrimonio fortificato sia di carattere culturale&hellip; <a class=\"more-link\" href=\"https:\/\/www.vallesabbia.info\/en\/blog\/fortezze-aperte\/\">Continua a leggere <span class=\"screen-reader-text\">Fortezze aperte!<\/span><\/a><\/p>\n","protected":false},"author":3,"featured_media":2868,"comment_status":"open","ping_status":"open","sticky":false,"template":"","format":"standard","meta":{"_acf_changed":false,"footnotes":""},"categories":[43,19],"tags":[],"class_list":["post-2858","post","type-post","status-publish","format-standard","has-post-thumbnail","hentry","category-da-non-perdere","category-news","entry"],"acf":[],"_links":{"self":[{"href":"https:\/\/www.vallesabbia.info\/en\/wp-json\/wp\/v2\/posts\/2858","targetHints":{"allow":["GET"]}}],"collection":[{"href":"https:\/\/www.vallesabbia.info\/en\/wp-json\/wp\/v2\/posts"}],"about":[{"href":"https:\/\/www.vallesabbia.info\/en\/wp-json\/wp\/v2\/types\/post"}],"author":[{"embeddable":true,"href":"https:\/\/www.vallesabbia.info\/en\/wp-json\/wp\/v2\/users\/3"}],"replies":[{"embeddable":true,"href":"https:\/\/www.vallesabbia.info\/en\/wp-json\/wp\/v2\/comments?post=2858"}],"version-history":[{"count":8,"href":"https:\/\/www.vallesabbia.info\/en\/wp-json\/wp\/v2\/posts\/2858\/revisions"}],"predecessor-version":[{"id":2869,"href":"https:\/\/www.vallesabbia.info\/en\/wp-json\/wp\/v2\/posts\/2858\/revisions\/2869"}],"wp:featuredmedia":[{"embeddable":true,"href":"https:\/\/www.vallesabbia.info\/en\/wp-json\/wp\/v2\/media\/2868"}],"wp:attachment":[{"href":"https:\/\/www.vallesabbia.info\/en\/wp-json\/wp\/v2\/media?parent=2858"}],"wp:term":[{"taxonomy":"category","embeddable":true,"href":"https:\/\/www.vallesabbia.info\/en\/wp-json\/wp\/v2\/categories?post=2858"},{"taxonomy":"post_tag","embeddable":true,"href":"https:\/\/www.vallesabbia.info\/en\/wp-json\/wp\/v2\/tags?post=2858"}],"curies":[{"name":"wp","href":"https:\/\/api.w.org\/{rel}","templated":true}]}}