{"id":2531,"date":"2022-07-25T17:20:07","date_gmt":"2022-07-25T15:20:07","guid":{"rendered":"https:\/\/www.vallesabbia.info\/en\/?p=2531"},"modified":"2022-09-14T09:29:24","modified_gmt":"2022-09-14T07:29:24","slug":"deeva-tribute-band-dei-moda","status":"publish","type":"post","link":"https:\/\/www.vallesabbia.info\/en\/blog\/deeva-tribute-band-dei-moda\/","title":{"rendered":"Deeva tribute band dei Mod\u00e0"},"content":{"rendered":"\t\t<div data-elementor-type=\"wp-post\" data-elementor-id=\"2531\" class=\"elementor elementor-2531\" data-elementor-post-type=\"post\">\n\t\t\t\t\t\t<section class=\"elementor-section elementor-top-section elementor-element elementor-element-5d9bb1ef elementor-section-boxed elementor-section-height-default elementor-section-height-default\" data-id=\"5d9bb1ef\" data-element_type=\"section\">\n\t\t\t\t\t\t<div class=\"elementor-container elementor-column-gap-default\">\n\t\t\t\t\t<div class=\"elementor-column elementor-col-100 elementor-top-column elementor-element elementor-element-2509e0c\" data-id=\"2509e0c\" data-element_type=\"column\">\n\t\t\t<div class=\"elementor-widget-wrap elementor-element-populated\">\n\t\t\t\t\t\t<div class=\"elementor-element elementor-element-65c13f9b elementor-widget elementor-widget-text-editor\" data-id=\"65c13f9b\" data-element_type=\"widget\" data-widget_type=\"text-editor.default\">\n\t\t\t\t<div class=\"elementor-widget-container\">\n\t\t\t<style>\/*! elementor - v3.19.0 - 28-02-2024 *\/\n.elementor-widget-text-editor.elementor-drop-cap-view-stacked .elementor-drop-cap{background-color:#69727d;color:#fff}.elementor-widget-text-editor.elementor-drop-cap-view-framed .elementor-drop-cap{color:#69727d;border:3px solid;background-color:transparent}.elementor-widget-text-editor:not(.elementor-drop-cap-view-default) .elementor-drop-cap{margin-top:8px}.elementor-widget-text-editor:not(.elementor-drop-cap-view-default) .elementor-drop-cap-letter{width:1em;height:1em}.elementor-widget-text-editor .elementor-drop-cap{float:left;text-align:center;line-height:1;font-size:50px}.elementor-widget-text-editor .elementor-drop-cap-letter{display:inline-block}<\/style>\t\t\t\t#Eventodanonperdere !!!\n\n<strong>Venerd\u00ec 5 agosto 2022 ore 21:00<\/strong>\n\nLa Rocca si anima con i\u00a0con i Deeva, tribute band dei Mod\u00e0, la band \u00e8 nata nel 2014 ed \u00e8 composta da Gian Scandella come voce, Massimiliano Giacomini al basso, Matteo Razzi e Matteo Bozuffi alla chitarra e Matteo Guarnieri alla batteria.\n\nIl concerto sar\u00e0 accompagnato da food truck di Senso Unico on the Road.\n\n<strong>Attenzione!!<\/strong>\nPossibilit\u00e0 di spostamento in bus navetta dalle ore 20:00, partenza dal municipio di Anfo.\n\n<strong>E\u2019 gradita la prenotazione al n. 375 622 1121 (Ufficio turistico)<\/strong>\n\nVi aspettiamo !!!\t\t\t\t\t\t<\/div>\n\t\t\t\t<\/div>\n\t\t\t\t\t<\/div>\n\t\t<\/div>\n\t\t\t\t\t<\/div>\n\t\t<\/section>\n\t\t\t\t<section class=\"elementor-section elementor-top-section elementor-element elementor-element-9df7e67 elementor-section-boxed elementor-section-height-default elementor-section-height-default\" data-id=\"9df7e67\" data-element_type=\"section\">\n\t\t\t\t\t\t<div class=\"elementor-container elementor-column-gap-default\">\n\t\t\t\t\t<div class=\"elementor-column elementor-col-100 elementor-top-column elementor-element elementor-element-46525ec\" data-id=\"46525ec\" data-element_type=\"column\">\n\t\t\t<div class=\"elementor-widget-wrap elementor-element-populated\">\n\t\t\t\t\t\t<div class=\"elementor-element elementor-element-7db4ff4 elementor-widget elementor-widget-image\" data-id=\"7db4ff4\" data-element_type=\"widget\" data-widget_type=\"image.default\">\n\t\t\t\t<div class=\"elementor-widget-container\">\n\t\t\t<style>\/*! elementor - v3.19.0 - 28-02-2024 *\/\n.elementor-widget-image{text-align:center}.elementor-widget-image a{display:inline-block}.elementor-widget-image a img[src$=\".svg\"]{width:48px}.elementor-widget-image img{vertical-align:middle;display:inline-block}<\/style>\t\t\t\t\t\t\t\t\t\t<img fetchpriority=\"high\" decoding=\"async\" width=\"750\" height=\"1061\" src=\"https:\/\/www.vallesabbia.info\/en\/wp-content\/uploads\/sites\/3\/2022\/07\/5-agosto_page-0001-min-768x1086.jpg\" class=\"attachment-medium_large size-medium_large wp-image-2533\" alt=\"\" srcset=\"https:\/\/www.vallesabbia.info\/en\/wp-content\/uploads\/sites\/3\/2022\/07\/5-agosto_page-0001-min-768x1086.jpg 768w, https:\/\/www.vallesabbia.info\/en\/wp-content\/uploads\/sites\/3\/2022\/07\/5-agosto_page-0001-min-212x300.jpg 212w, https:\/\/www.vallesabbia.info\/en\/wp-content\/uploads\/sites\/3\/2022\/07\/5-agosto_page-0001-min-724x1024.jpg 724w, https:\/\/www.vallesabbia.info\/en\/wp-content\/uploads\/sites\/3\/2022\/07\/5-agosto_page-0001-min-1086x1536.jpg 1086w, https:\/\/www.vallesabbia.info\/en\/wp-content\/uploads\/sites\/3\/2022\/07\/5-agosto_page-0001-min-1448x2048.jpg 1448w, https:\/\/www.vallesabbia.info\/en\/wp-content\/uploads\/sites\/3\/2022\/07\/5-agosto_page-0001-min-600x849.jpg 600w, https:\/\/www.vallesabbia.info\/en\/wp-content\/uploads\/sites\/3\/2022\/07\/5-agosto_page-0001-min.jpg 1754w\" sizes=\"(max-width: 750px) 100vw, 750px\" style=\"width:100%;height:141.45%;max-width:1754px\" \/>\t\t\t\t\t\t\t\t\t\t\t\t\t<\/div>\n\t\t\t\t<\/div>\n\t\t\t\t\t<\/div>\n\t\t<\/div>\n\t\t\t\t\t<\/div>\n\t\t<\/section>\n\t\t\t\t<\/div>\n\t\t","protected":false},"excerpt":{"rendered":"<p>#Eventodanonperdere !!! Venerd\u00ec 5 agosto 2022 ore 21:00 La Rocca si anima con i\u00a0con i Deeva, tribute band dei Mod\u00e0, la band \u00e8 nata nel 2014 ed \u00e8 composta da Gian Scandella come voce, Massimiliano Giacomini al basso, Matteo Razzi e Matteo Bozuffi alla chitarra e Matteo Guarnieri alla batteria. Il concerto sar\u00e0 accompagnato da&hellip; <a class=\"more-link\" href=\"https:\/\/www.vallesabbia.info\/en\/blog\/deeva-tribute-band-dei-moda\/\">Continua a leggere <span class=\"screen-reader-text\">Deeva tribute band dei Mod\u00e0<\/span><\/a><\/p>\n","protected":false},"author":3,"featured_media":2538,"comment_status":"open","ping_status":"open","sticky":false,"template":"","format":"standard","meta":{"_acf_changed":false,"footnotes":""},"categories":[19],"tags":[],"class_list":["post-2531","post","type-post","status-publish","format-standard","has-post-thumbnail","hentry","category-news","entry"],"acf":[],"_links":{"self":[{"href":"https:\/\/www.vallesabbia.info\/en\/wp-json\/wp\/v2\/posts\/2531","targetHints":{"allow":["GET"]}}],"collection":[{"href":"https:\/\/www.vallesabbia.info\/en\/wp-json\/wp\/v2\/posts"}],"about":[{"href":"https:\/\/www.vallesabbia.info\/en\/wp-json\/wp\/v2\/types\/post"}],"author":[{"embeddable":true,"href":"https:\/\/www.vallesabbia.info\/en\/wp-json\/wp\/v2\/users\/3"}],"replies":[{"embeddable":true,"href":"https:\/\/www.vallesabbia.info\/en\/wp-json\/wp\/v2\/comments?post=2531"}],"version-history":[{"count":6,"href":"https:\/\/www.vallesabbia.info\/en\/wp-json\/wp\/v2\/posts\/2531\/revisions"}],"predecessor-version":[{"id":2541,"href":"https:\/\/www.vallesabbia.info\/en\/wp-json\/wp\/v2\/posts\/2531\/revisions\/2541"}],"wp:featuredmedia":[{"embeddable":true,"href":"https:\/\/www.vallesabbia.info\/en\/wp-json\/wp\/v2\/media\/2538"}],"wp:attachment":[{"href":"https:\/\/www.vallesabbia.info\/en\/wp-json\/wp\/v2\/media?parent=2531"}],"wp:term":[{"taxonomy":"category","embeddable":true,"href":"https:\/\/www.vallesabbia.info\/en\/wp-json\/wp\/v2\/categories?post=2531"},{"taxonomy":"post_tag","embeddable":true,"href":"https:\/\/www.vallesabbia.info\/en\/wp-json\/wp\/v2\/tags?post=2531"}],"curies":[{"name":"wp","href":"https:\/\/api.w.org\/{rel}","templated":true}]}}